{"id":13112,"date":"2026-08-31T14:11:25","date_gmt":"2026-08-31T17:11:25","guid":{"rendered":"https:\/\/giselagarciagleria.com.ar\/?p=13112"},"modified":"2026-08-31T14:29:19","modified_gmt":"2026-08-31T17:29:19","slug":"fileteando-el-2x4","status":"publish","type":"post","link":"https:\/\/giselagarciagleria.com.ar\/en\/fileteando-el-2x4\/","title":{"rendered":"Filleting the 2x4"},"content":{"rendered":"\n[et_pb_section fb_built=\u00bb1&#8243; _builder_version=\u00bb4.16&#8243; global_colors_info=\u00bb{}\u00bb theme_builder_area=\u00bbet_body_layout\u00bb][et_pb_row _builder_version=\u00bb4.16&#8243; background_size=\u00bbinitial\u00bb background_position=\u00bbtop_left\u00bb background_repeat=\u00bbrepeat\u00bb global_colors_info=\u00bb{}\u00bb theme_builder_area=\u00bbet_body_layout\u00bb][et_pb_column type=\u00bb4_4&#8243; _builder_version=\u00bb4.16&#8243; custom_padding=\u00bb|||\u00bb global_colors_info=\u00bb{}\u00bb custom_padding__hover=\u00bb|||\u00bb theme_builder_area=\u00bbet_body_layout\u00bb][et_pb_text _builder_version=\u00bb4.27.8&#8243; text_font_size=\u00bb16px\u00bb text_line_height=\u00bb2em\u00bb header_2_font_size=\u00bb24px\u00bb header_2_line_height=\u00bb3em\u00bb background_size=\u00bbinitial\u00bb background_position=\u00bbtop_left\u00bb background_repeat=\u00bbrepeat\u00bb hover_enabled=\u00bb0&#8243; text_font_size_tablet=\u00bb\u00bb text_font_size_phone=\u00bb14px\u00bb text_font_size_last_edited=\u00bbon|phone\u00bb global_colors_info=\u00bb{}\u00bb theme_builder_area=\u00bbet_body_layout\u00bb sticky_enabled=\u00bb0&#8243;]<p>\u00a1Qu\u00e9 experiencia tan incre\u00edble!<br>El s\u00e1bado 22 de agosto, particip\u00e9 en la exposici\u00f3n de arte <em><strong>\u00abFileteando el 2&#215;4 &#8211; Homenaje al tango a trav\u00e9s del fileteado porte\u00f1o\u00bb.<\/strong><\/em><\/p>\n<p>Junto a otros artistas incre\u00edbles de este aut\u00e9ntico arte de Buenos Aires \u2014todos ellos integrantes de la escuela <em>\u00abAlmac\u00e9n del Filete\u00bb<\/em> y bajo la gu\u00eda de la maestra Claudia Medori\u2014, tuve el placer de presentar varias obras inspiradas en el tango y en las tradiciones argentinas.<\/p>\n<p>Present\u00e9 mi cuadro <strong>\u00abRetrato de Astor Piazzolla\u00bb<\/strong> \u2014que incluye numerosas referencias a su m\u00fasica y a su vida\u2014, tres hormas de zapatos fileteadas (hombre, mujer y ni\u00f1o) y una guitarra peque\u00f1a pintada \u00edntegramente con la t\u00e9cnica del fileteado.<\/p>\n<p>Adem\u00e1s, expuse una escena callejera en homenaje al 90.\u00ba aniversario del Obelisco de Buenos Aires, con una creaci\u00f3n original para decorar cada una de las caras del monumento, las ic\u00f3nicas letras \u00abBA\u00bb, una farola, un cartel publicitario t\u00edpico y una furgoneta; todo ello fileteado y realizado por m\u00ed.<\/p>\n<p>Fue una velada de inauguraci\u00f3n encantadora, rodeada de familiares, amigos y muchas personas que acudieron a la Casa del Tango para compartir el arte y bailar unos tangos, \u00a1en los que tambi\u00e9n particip\u00e9!<\/p>\n<p>\u00a1Gracias por compartir esta pasi\u00f3n conmigo!<\/p>[\/et_pb_text][\/et_pb_column][\/et_pb_row][et_pb_row _builder_version=\u00bb4.16&#8243; global_colors_info=\u00bb{}\u00bb theme_builder_area=\u00bbet_body_layout\u00bb][et_pb_column type=\u00bb4_4&#8243; _builder_version=\u00bb4.16&#8243; custom_padding=\u00bb|||\u00bb global_colors_info=\u00bb{}\u00bb custom_padding__hover=\u00bb|||\u00bb theme_builder_area=\u00bbet_body_layout\u00bb][deg_elastic_gallery gallery_mode=\u00bbminimized\u00bb gallery_minimized_limit=\u00bb22&#8243; zoom_icon_color=\u00bb#FFFFFF\u00bb hover_overlay_color=\u00bbrgba(165,69,127,0.46)\u00bb hover_icon=\u00bbT||divi||400&#8243; image_hover_animation=\u00bbscale-in-center\u00bb _builder_version=\u00bb4.27.8&#8243; _module_preset=\u00bbdefault\u00bb hover_enabled=\u00bb0&#8243; global_colors_info=\u00bb{}\u00bb theme_builder_area=\u00bbet_body_layout\u00bb gallery_ids=\u00bb13144,13143,13142,13141,13140,13139,13138,13137,13136,13135,13134,13133,13132,13131,13130,13129,13128,13127,13126,13125,13124,13123,13122,13121,13120,13119,13118,13117,13116,13115,13114&#8243; sticky_enabled=\u00bb0&#8243;][\/deg_elastic_gallery][\/et_pb_column][\/et_pb_row][et_pb_row column_structure=\u00bb1_2,1_2&#8243; admin_label=\u00bbPie mapa\u00bb _builder_version=\u00bb4.27.6&#8243; _module_preset=\u00bbdefault\u00bb global_colors_info=\u00bb{}\u00bb theme_builder_area=\u00bbet_body_layout\u00bb][et_pb_column type=\u00bb1_2&#8243; _builder_version=\u00bb4.27.6&#8243; _module_preset=\u00bbdefault\u00bb global_colors_info=\u00bb{}\u00bb theme_builder_area=\u00bbet_body_layout\u00bb][et_pb_text _builder_version=\u00bb4.27.8&#8243; _module_preset=\u00bbdefault\u00bb hover_enabled=\u00bb0&#8243; global_colors_info=\u00bb{}\u00bb theme_builder_area=\u00bbet_body_layout\u00bb sticky_enabled=\u00bb0&#8243;]<p><span style=\"color: #008080;\">22 d e agosto de 2026<\/span><br><span style=\"color: #008080;\"><strong>Fundaci\u00f3n La Casa del Tango<\/strong><br>Guardia Vieja 4049 &#8211;&nbsp; Buenos Aires, Argentina<\/span><\/p>[\/et_pb_text][\/et_pb_column][et_pb_column type=\u00bb1_2&#8243; _builder_version=\u00bb4.27.6&#8243; _module_preset=\u00bbdefault\u00bb global_colors_info=\u00bb{}\u00bb theme_builder_area=\u00bbet_body_layout\u00bb][et_pb_code _builder_version=\u00bb4.27.8&#8243; _module_preset=\u00bbdefault\u00bb hover_enabled=\u00bb0&#8243; global_colors_info=\u00bb{}\u00bb theme_builder_area=\u00bbet_body_layout\u00bb sticky_enabled=\u00bb0&#8243;]<iframe src=\"https:\/\/www.google.com\/maps\/embed?pb=!1m18!1m12!1m3!1d52561.266152369426!2d-58.46308810166559!3d-34.57686415726341!2m3!1f0!2f0!3f0!3m2!1i1024!2i768!4f13.1!3m3!1m2!1s0x95bcca6313bb7bbb%3A0x195dfd951c7273ec!2sFUNDACI%C3%93N%20LA%20CASA%20DEL%20TANGO!5e0!3m2!1ses!2sar!4v1788196637816!5m2!1ses!2sar\" width=\"600\" height=\"450\" style=\"border:0;\" allowfullscreen=\"\" loading=\"lazy\" referrerpolicy=\"strict-origin-when-cross-origin\"><\/iframe>[\/et_pb_code][\/et_pb_column][\/et_pb_row][\/et_pb_section][et_pb_section fb_built=\u00bb1&#8243; _builder_version=\u00bb4.16&#8243; _module_preset=\u00bbdefault\u00bb custom_padding=\u00bb0px||0px||true|false\u00bb global_module=\u00bb7387&#8243; saved_tabs=\u00bball\u00bb global_colors_info=\u00bb{}\u00bb theme_builder_area=\u00bbet_body_layout\u00bb][et_pb_row _builder_version=\u00bb4.16&#8243; _module_preset=\u00bbdefault\u00bb global_colors_info=\u00bb{}\u00bb theme_builder_area=\u00bbet_body_layout\u00bb][et_pb_column type=\u00bb4_4&#8243; _builder_version=\u00bb4.16&#8243; _module_preset=\u00bbdefault\u00bb global_colors_info=\u00bb{}\u00bb theme_builder_area=\u00bbet_body_layout\u00bb][et_pb_comments show_count=\u00bboff\u00bb _builder_version=\u00bb4.16&#8243; _module_preset=\u00bbdefault\u00bb global_colors_info=\u00bb{}\u00bb theme_builder_area=\u00bbet_body_layout\u00bb][\/et_pb_comments][\/et_pb_column][\/et_pb_row][\/et_pb_section]\n","protected":false},"excerpt":{"rendered":"<p>El s\u00e1bado 22 de agosto, particip\u00e9 en la exposici\u00f3n de arte \u00abFileteando el 2&#215;4 &#8211; Homenaje al tango a trav\u00e9s del fileteado porte\u00f1o\u00bb.<\/p>\n<p class=\"translation-block\">Alongside other incredible artists of this authentic Buenos Aires art \u2014all of them members of the <em>\u00abAlmac\u00e9n del Filete\u00bb<\/em> school and under the guidance of the teacher Claudia Medori\u2014, I had the pleasure of presenting several works inspired by tango and Argentine traditions.<\/p>","protected":false},"author":1,"featured_media":13113,"comment_status":"closed","ping_status":"closed","sticky":false,"template":"","format":"standard","meta":{"_et_pb_use_builder":"on","_et_pb_old_content":"","_et_gb_content_width":"","footnotes":""},"categories":[74],"tags":[],"class_list":["post-13112","post","type-post","status-publish","format-standard","has-post-thumbnail","hentry","category-muestras-colectivas"],"a3_pvc":{"activated":false,"total_views":6,"today_views":0},"_links":{"self":[{"href":"https:\/\/giselagarciagleria.com.ar\/en\/wp-json\/wp\/v2\/posts\/13112","targetHints":{"allow":["GET"]}}],"collection":[{"href":"https:\/\/giselagarciagleria.com.ar\/en\/wp-json\/wp\/v2\/posts"}],"about":[{"href":"https:\/\/giselagarciagleria.com.ar\/en\/wp-json\/wp\/v2\/types\/post"}],"author":[{"embeddable":true,"href":"https:\/\/giselagarciagleria.com.ar\/en\/wp-json\/wp\/v2\/users\/1"}],"replies":[{"embeddable":true,"href":"https:\/\/giselagarciagleria.com.ar\/en\/wp-json\/wp\/v2\/comments?post=13112"}],"version-history":[{"count":5,"href":"https:\/\/giselagarciagleria.com.ar\/en\/wp-json\/wp\/v2\/posts\/13112\/revisions"}],"predecessor-version":[{"id":13150,"href":"https:\/\/giselagarciagleria.com.ar\/en\/wp-json\/wp\/v2\/posts\/13112\/revisions\/13150"}],"wp:featuredmedia":[{"embeddable":true,"href":"https:\/\/giselagarciagleria.com.ar\/en\/wp-json\/wp\/v2\/media\/13113"}],"wp:attachment":[{"href":"https:\/\/giselagarciagleria.com.ar\/en\/wp-json\/wp\/v2\/media?parent=13112"}],"wp:term":[{"taxonomy":"category","embeddable":true,"href":"https:\/\/giselagarciagleria.com.ar\/en\/wp-json\/wp\/v2\/categories?post=13112"},{"taxonomy":"post_tag","embeddable":true,"href":"https:\/\/giselagarciagleria.com.ar\/en\/wp-json\/wp\/v2\/tags?post=13112"}],"curies":[{"name":"wp","href":"https:\/\/api.w.org\/{rel}","templated":true}]}}